{"id":31604,"date":"2003-01-01T02:06:50","date_gmt":"2003-01-01T01:06:50","guid":{"rendered":"https:\/\/joubjoub.fr\/?p=31604"},"modified":"2003-01-01T02:06:50","modified_gmt":"2003-01-01T01:06:50","slug":"le-jour-se-leve","status":"publish","type":"post","link":"https:\/\/joubjoub.fr\/1001films\/le-jour-se-leve\/","title":{"rendered":"Le jour se l\u00e8ve"},"content":{"rendered":"\n<table style=\"border-collapse: collapse;width: 100%;height: 366px\">\n<tbody>\n<tr style=\"height: 24px\">\n<td style=\"background-color: #aac1dd;text-align: left;vertical-align: middle;height: 30px\"><span style=\"font-size: 20px\"><strong><span style=\"color: #fce1c2\">Le jour se l\u00e8ve<\/span><\/strong><\/span><\/td>\n<td style=\"background-color: #ffffff;height: 366px;width: 386px;vertical-align: top\" rowspan=\"10\"><img decoding=\"async\" class=\"wp-image-31422\" src=\"https:\/\/joubjoub.fr\/wp-content\/uploads\/movies\/ed2003\/LE_JOUR_SE_LEVE_(1939).jpg\" alt=\"\" width=\"386\" height=\"512\" \/><\/td>\n<\/tr>\n<tr style=\"height: 24px\">\n<td style=\"height: 24px;text-align: left;vertical-align: middle;background-color: #ffffff\"><span style=\"font-size: 14px\"><img decoding=\"async\" class=\"alignnone\" style=\"border-radius: 0px;height: 20px\" src=\"https:\/\/joubjoub.fr\/wp-content\/uploads\/flags\/france.png\" alt=\"\" \/>\u00a0(<strong>1939<\/strong>)<\/span><\/td>\n<\/tr>\n<tr style=\"height: 24px\">\n<td style=\"text-align: left;vertical-align: middle;background-color: #ffffff;height: 24px\"><span style=\"font-size: 14px\">Tous publics | 1\u00a0h 33 min. | n.b. | Crime, Drame | 9 juin 1939 <\/span><\/td>\n<\/tr>\n<tr style=\"height: 24px\">\n<td style=\"height: 24px;text-align: left;vertical-align: middle;background-color: #ffffff\">\u00a0<\/td>\n<\/tr>\n<tr style=\"height: 24px\">\n<td style=\"height: 24px;text-align: left;vertical-align: middle;background-color: #eeeeee\"><span style=\"font-size: 16px\"><strong>Synopsis\u00a0:<\/strong> Une dispute se fait entendre dans une maison ouvri\u00e8re de banlieue. Coup de feu, porte qui claque. Un homme, Valentin, roule sur les marches, mort. L&rsquo;assassin, Fran\u00e7ois, se barricade dans sa chambre. La police arrive et assi\u00e8ge la maison. Pendant la nuit, Fran\u00e7ois revoit les \u00e9tapes du drame, son amour pour Fran\u00e7oise, la jeune fleuriste, sortie tout comme lui de l&rsquo;Assistance publique, sa rencontre avec Valentin, le cynique montreur de chiens, pr\u00eat \u00e0 tout pour assouvir sa passion des jeunes filles en fleur, et ses relations \u00e9quivoques avec Clara, la compagne de Valentin&#8230;<\/span><\/td>\n<\/tr>\n<tr style=\"height: 24px;font-size: 14px\">\n<td style=\"height: 24px;text-align: left;vertical-align: middle;background-color: #ffffff;font-size: 14px\">\u00a0<br \/><strong>R\u00e9alisateur :<\/strong> Marcel Carn\u00e9<\/td>\n<\/tr>\n<tr style=\"height: 24px;font-size: 14px\">\n<td style=\"height: 24px;text-align: left;vertical-align: middle;background-color: #ffffff;font-size: 14px\"><strong>Avec :<\/strong> Jean Gabin, Jacqueline Laurent, Jules Berry, Arletty, Mady Berry, Ren\u00e9 G\u00e9nin, Arthur Dev\u00e8re, Ren\u00e9 Bergeron, Bernard Blier<\/td>\n<\/tr>\n<tr style=\"height: 24px;font-size: 14px\">\n<td style=\"height: 24px;text-align: left;vertical-align: middle;background-color: #ffffff;font-size: 14px\">\n<p>&nbsp;<\/p>\n<\/td>\n<\/tr>\n<tr style=\"height: 24px\">\n<td style=\"text-align: left;vertical-align: middle;background-color: #efefef;height: 168px\">\u00a0\n<ul>\n<li><span style=\"font-size: 14px\"><strong>Note TMDb :<\/strong> 77%<\/span><\/li>\n<li><span style=\"font-size: 14px\"><strong>Lien TMDb :<\/strong> <a href=\"https:\/\/www.themoviedb.org\/movie\/27053\">27053<\/a><\/span><\/li>\n<\/ul>\n<ul>\n<li><span style=\"font-size: 14px\"><strong>Note IMDb :<\/strong> 7,7<\/span><\/li>\n<li><span style=\"font-size: 14px\"><strong>Lien IMDb :<\/strong> <a href=\"https:\/\/www.imdb.com\/title\/tt0031514\/\">tt0031514<\/a><\/span><\/li>\n<\/ul>\n<\/td>\n<\/tr>\n<\/tbody>\n<\/table>\n","protected":false},"excerpt":{"rendered":"<p>Le jour se l\u00e8ve \u00a0(1939) Tous publics | 1\u00a0h 33 min. | n.b. | Crime, Drame | 9 juin 1939 \u00a0 Synopsis\u00a0: Une dispute se fait entendre dans une maison ouvri\u00e8re de banlieue. Coup de feu, porte qui claque. Un homme, Valentin, roule sur les marches, mort. L&rsquo;assassin, Fran\u00e7ois, se barricade dans sa chambre. La police arrive et assi\u00e8ge la&#46;&#46;&#46;<\/p>\n","protected":false},"author":1,"featured_media":0,"comment_status":"open","ping_status":"open","sticky":false,"template":"","format":"standard","meta":{"inline_featured_image":false,"footnotes":""},"categories":[31,33],"tags":[61,728,751,951,2264,3803,4024,4623,5457,5511,7087,7093],"class_list":["post-31604","post","type-post","status-publish","format-standard","hentry","category-crime","category-drame","tag-61","tag-arletty","tag-arthur-devere","tag-bernard-blier","tag-ed2003","tag-jacqueline-laurent","tag-jean-gabin","tag-jules-berry","tag-mady-berry","tag-marcel-carne","tag-rene-bergeron","tag-rene-genin"],"_links":{"self":[{"href":"https:\/\/joubjoub.fr\/1001films\/wp-json\/wp\/v2\/posts\/31604","targetHints":{"allow":["GET"]}}],"collection":[{"href":"https:\/\/joubjoub.fr\/1001films\/wp-json\/wp\/v2\/posts"}],"about":[{"href":"https:\/\/joubjoub.fr\/1001films\/wp-json\/wp\/v2\/types\/post"}],"author":[{"embeddable":true,"href":"https:\/\/joubjoub.fr\/1001films\/wp-json\/wp\/v2\/users\/1"}],"replies":[{"embeddable":true,"href":"https:\/\/joubjoub.fr\/1001films\/wp-json\/wp\/v2\/comments?post=31604"}],"version-history":[{"count":0,"href":"https:\/\/joubjoub.fr\/1001films\/wp-json\/wp\/v2\/posts\/31604\/revisions"}],"wp:attachment":[{"href":"https:\/\/joubjoub.fr\/1001films\/wp-json\/wp\/v2\/media?parent=31604"}],"wp:term":[{"taxonomy":"category","embeddable":true,"href":"https:\/\/joubjoub.fr\/1001films\/wp-json\/wp\/v2\/categories?post=31604"},{"taxonomy":"post_tag","embeddable":true,"href":"https:\/\/joubjoub.fr\/1001films\/wp-json\/wp\/v2\/tags?post=31604"}],"curies":[{"name":"wp","href":"https:\/\/api.w.org\/{rel}","templated":true}]}}