{"id":32112,"date":"2003-01-01T06:20:02","date_gmt":"2003-01-01T05:20:02","guid":{"rendered":"https:\/\/joubjoub.fr\/?p=32112"},"modified":"2003-01-01T06:20:02","modified_gmt":"2003-01-01T05:20:02","slug":"a-travers-le-miroir","status":"publish","type":"post","link":"https:\/\/joubjoub.fr\/1001films\/a-travers-le-miroir\/","title":{"rendered":"\u00c0 travers le miroir"},"content":{"rendered":"\n<table style=\"border-collapse: collapse;width: 100%;height: 366px\">\n<tbody>\n<tr style=\"height: 24px\">\n<td style=\"background-color: #aac1dd;text-align: left;vertical-align: middle;height: 30px\"><span style=\"font-size: 20px\"><strong><span style=\"color: #fce1c2\">S\u00e5som i en spegel<\/span><\/strong><\/span><\/td>\n<td style=\"background-color: #ffffff;height: 366px;width: 386px;vertical-align: top\" rowspan=\"10\"><img decoding=\"async\" class=\"wp-image-31422\" src=\"https:\/\/joubjoub.fr\/wp-content\/uploads\/movies\/ed2003\/A_TRAVERS_LE_MIROIR_(1961).jpg\" alt=\"\" width=\"386\" height=\"512\" \/><\/td>\n<\/tr>\n<tr style=\"height: 24px\">\n<td style=\"height: 24px;text-align: left;vertical-align: middle;background-color: #ffffff\"><span style=\"font-size: 14px\"><img decoding=\"async\" class=\"alignnone\" style=\"border-radius: 0px;height: 20px\" src=\"https:\/\/joubjoub.fr\/wp-content\/uploads\/flags\/su\u00e8de.png\" alt=\"\" \/>\u00a0(<strong>1961<\/strong>)<\/span><\/td>\n<\/tr>\n<tr style=\"height: 24px\">\n<td style=\"text-align: left;vertical-align: middle;background-color: #ffffff;height: 24px\"><span style=\"font-size: 14px\">Tous publics | 1\u00a0h 30 min. | n.b. | Drame | 5 septembre 1962 <br \/>\u00a0<\/span><\/td>\n<\/tr>\n<tr style=\"height: 24px\">\n<td style=\"height: 24px;text-align: left;vertical-align: middle;background-color: #c2ddfc\"><span style=\"font-size: 20px\"><strong><em>\u00ab\u00a0For now we see though a glass darkly; but then face to face; now I know in part; but then I shall know even as also I am known\u00a0\u00bb I Corinthians 13:12<\/em><\/strong><\/span><\/td>\n<\/tr>\n<tr style=\"height: 24px\">\n<td style=\"height: 24px;text-align: left;vertical-align: middle;background-color: #eeeeee\"><span style=\"font-size: 16px\"><strong>Synopsis\u00a0:<\/strong> Des tensions tr\u00e8s vives se font sentir lors d&rsquo;une r\u00e9union de famille. David, \u00e9crivain rat\u00e9, voit sa fille Karin atteinte de d\u00e9lires de plus en plus prononc\u00e9s. La jeune femme, qui ne trouve aucun r\u00e9confort pr\u00e8s de son mari, se rapproche de son jeune fr\u00e8re Fr\u00e9d\u00e9rick.<\/span><\/td>\n<\/tr>\n<tr style=\"height: 24px;font-size: 14px\">\n<td style=\"height: 24px;text-align: left;vertical-align: middle;background-color: #ffffff;font-size: 14px\">\u00a0<br \/><strong>R\u00e9alisateur :<\/strong> Ingmar Bergman<\/td>\n<\/tr>\n<tr style=\"height: 24px;font-size: 14px\">\n<td style=\"height: 24px;text-align: left;vertical-align: middle;background-color: #ffffff;font-size: 14px\"><strong>Avec :<\/strong> Harriet Andersson, Gunnar Bj\u00f6rnstrand, Max von Sydow, Lars Passg\u00e5rd<\/td>\n<\/tr>\n<tr style=\"height: 24px;font-size: 14px\">\n<td style=\"height: 24px;text-align: left;vertical-align: middle;background-color: #ffffff;font-size: 14px\">\n<p>&nbsp;<\/p>\n<\/td>\n<\/tr>\n<tr style=\"height: 24px\">\n<td style=\"text-align: left;vertical-align: middle;background-color: #efefef;height: 168px\">\u00a0\n<ul>\n<li><span style=\"font-size: 14px\"><strong>Note TMDb :<\/strong> 78%<\/span><\/li>\n<li><span style=\"font-size: 14px\"><strong>Lien TMDb :<\/strong> <a href=\"https:\/\/www.themoviedb.org\/movie\/11602\">11602<\/a><\/span><\/li>\n<\/ul>\n<ul>\n<li><span style=\"font-size: 14px\"><strong>Note IMDb :<\/strong> 7,9<\/span><\/li>\n<li><span style=\"font-size: 14px\"><strong>Lien IMDb :<\/strong> <a href=\"https:\/\/www.imdb.com\/title\/tt0055499\/\">tt0055499<\/a><\/span><\/li>\n<\/ul>\n<\/td>\n<\/tr>\n<\/tbody>\n<\/table>\n","protected":false},"excerpt":{"rendered":"<p>S\u00e5som i en spegel \u00a0(1961) Tous publics | 1\u00a0h 30 min. | n.b. | Drame | 5 septembre 1962 \u00a0 \u00ab\u00a0For now we see though a glass darkly; but then face to face; now I know in part; but then I shall know even as also I am known\u00a0\u00bb I Corinthians 13:12 Synopsis\u00a0: Des tensions tr\u00e8s vives se font sentir&#46;&#46;&#46;<\/p>\n","protected":false},"author":1,"featured_media":0,"comment_status":"open","ping_status":"open","sticky":false,"template":"","format":"standard","meta":{"inline_featured_image":false,"footnotes":""},"categories":[33],"tags":[83,2264,3225,3341,3659,5045,5894],"class_list":["post-32112","post","type-post","status-publish","format-standard","hentry","category-drame","tag-83","tag-ed2003","tag-gunnar-bjornstrand","tag-harriet-andersson","tag-ingmar-bergman","tag-lars-passgard","tag-max-von-sydow"],"_links":{"self":[{"href":"https:\/\/joubjoub.fr\/1001films\/wp-json\/wp\/v2\/posts\/32112","targetHints":{"allow":["GET"]}}],"collection":[{"href":"https:\/\/joubjoub.fr\/1001films\/wp-json\/wp\/v2\/posts"}],"about":[{"href":"https:\/\/joubjoub.fr\/1001films\/wp-json\/wp\/v2\/types\/post"}],"author":[{"embeddable":true,"href":"https:\/\/joubjoub.fr\/1001films\/wp-json\/wp\/v2\/users\/1"}],"replies":[{"embeddable":true,"href":"https:\/\/joubjoub.fr\/1001films\/wp-json\/wp\/v2\/comments?post=32112"}],"version-history":[{"count":0,"href":"https:\/\/joubjoub.fr\/1001films\/wp-json\/wp\/v2\/posts\/32112\/revisions"}],"wp:attachment":[{"href":"https:\/\/joubjoub.fr\/1001films\/wp-json\/wp\/v2\/media?parent=32112"}],"wp:term":[{"taxonomy":"category","embeddable":true,"href":"https:\/\/joubjoub.fr\/1001films\/wp-json\/wp\/v2\/categories?post=32112"},{"taxonomy":"post_tag","embeddable":true,"href":"https:\/\/joubjoub.fr\/1001films\/wp-json\/wp\/v2\/tags?post=32112"}],"curies":[{"name":"wp","href":"https:\/\/api.w.org\/{rel}","templated":true}]}}