{"id":33060,"date":"2003-01-01T14:14:48","date_gmt":"2003-01-01T13:14:48","guid":{"rendered":"https:\/\/joubjoub.fr\/?p=33060"},"modified":"2003-01-01T14:14:48","modified_gmt":"2003-01-01T13:14:48","slug":"conte-dhiver","status":"publish","type":"post","link":"https:\/\/joubjoub.fr\/1001films\/conte-dhiver\/","title":{"rendered":"Conte d&rsquo;hiver"},"content":{"rendered":"\n<table style=\"border-collapse: collapse;width: 100%;height: 366px\">\n<tbody>\n<tr style=\"height: 24px\">\n<td style=\"background-color: #aac1dd;text-align: left;vertical-align: middle;height: 30px\"><span style=\"font-size: 20px\"><strong><span style=\"color: #fce1c2\">Conte d&rsquo;hiver<\/span><\/strong><\/span><\/td>\n<td style=\"background-color: #ffffff;height: 366px;width: 386px;vertical-align: top\" rowspan=\"10\"><img decoding=\"async\" class=\"wp-image-31422\" src=\"https:\/\/joubjoub.fr\/wp-content\/uploads\/movies\/ed2003\/CONTE_D'HIVER_(1991).jpg\" alt=\"\" width=\"386\" height=\"512\" \/><\/td>\n<\/tr>\n<tr style=\"height: 24px\">\n<td style=\"height: 24px;text-align: left;vertical-align: middle;background-color: #ffffff\"><span style=\"font-size: 14px\"><img decoding=\"async\" class=\"alignnone\" style=\"border-radius: 0px;height: 20px\" src=\"https:\/\/joubjoub.fr\/wp-content\/uploads\/flags\/france.png\" alt=\"\" \/>\u00a0(<strong>1992<\/strong>)<\/span><\/td>\n<\/tr>\n<tr style=\"height: 24px\">\n<td style=\"text-align: left;vertical-align: middle;background-color: #ffffff;height: 24px\"><span style=\"font-size: 14px\">Tous publics (TV rating) | 1\u00a0h 54 min. | Com\u00e9die, Drame | 29 janvier 1992 <\/span><\/td>\n<\/tr>\n<tr style=\"height: 24px\">\n<td style=\"height: 24px;text-align: left;vertical-align: middle;background-color: #ffffff\">\u00a0<\/td>\n<\/tr>\n<tr style=\"height: 24px\">\n<td style=\"height: 24px;text-align: left;vertical-align: middle;background-color: #eeeeee\"><span style=\"font-size: 16px\"><strong>Synopsis\u00a0:<\/strong> C\u2019est l\u2019hiver \u00e0 Paris. F\u00e9licie est partag\u00e9e entre Lo\u00efc, qui l\u2019aime profond\u00e9ment, et Maxence, avec qui elle travaille comme coiffeuse. Mais son v\u00e9ritable amour, Charles, elle l\u2019a perdu quelques ann\u00e9es auparavant &#8211; lorsqu\u2019apr\u00e8s un \u00e9t\u00e9 idyllique, duquel est n\u00e9e une petite fille, ils se perdirent de vue \u00e0 cause d\u2019une simple confusion au moment de s\u2019\u00e9changer leurs adresses. Mais F\u00e9licie croit aux miracles.<\/span><\/td>\n<\/tr>\n<tr style=\"height: 24px;font-size: 14px\">\n<td style=\"height: 24px;text-align: left;vertical-align: middle;background-color: #ffffff;font-size: 14px\">\u00a0<br \/><strong>R\u00e9alisateur :<\/strong> \u00c9ric Rohmer<\/td>\n<\/tr>\n<tr style=\"height: 24px;font-size: 14px\">\n<td style=\"height: 24px;text-align: left;vertical-align: middle;background-color: #ffffff;font-size: 14px\"><strong>Avec :<\/strong> Charlotte V\u00e9ry, Fr\u00e9d\u00e9ric van den Driessche, Michel Voletti, Herv\u00e9 Furic, Ava Loraschi, Christiane Desbois, Rosette, Jean-Luc Revol, Hayd\u00e9e Caillot<\/td>\n<\/tr>\n<tr style=\"height: 24px;font-size: 14px\">\n<td style=\"height: 24px;text-align: left;vertical-align: middle;background-color: #ffffff;font-size: 14px\">\n<p>&nbsp;<\/p>\n<\/td>\n<\/tr>\n<tr style=\"height: 24px\">\n<td style=\"text-align: left;vertical-align: middle;background-color: #efefef;height: 168px\">\u00a0\n<ul>\n<li><span style=\"font-size: 14px\"><strong>Note TMDb :<\/strong> 71%<\/span><\/li>\n<li><span style=\"font-size: 14px\"><strong>Lien TMDb :<\/strong> <a href=\"https:\/\/www.themoviedb.org\/movie\/10241\">10241<\/a><\/span><\/li>\n<\/ul>\n<ul>\n<li><span style=\"font-size: 14px\"><strong>Note IMDb :<\/strong> 7,2<\/span><\/li>\n<li><span style=\"font-size: 14px\"><strong>Lien IMDb :<\/strong> <a href=\"https:\/\/www.imdb.com\/title\/tt0104008\/\">tt0104008<\/a><\/span><\/li>\n<\/ul>\n<\/td>\n<\/tr>\n<\/tbody>\n<\/table>\n","protected":false},"excerpt":{"rendered":"<p>Conte d&rsquo;hiver \u00a0(1992) Tous publics (TV rating) | 1\u00a0h 54 min. | Com\u00e9die, Drame | 29 janvier 1992 \u00a0 Synopsis\u00a0: C\u2019est l\u2019hiver \u00e0 Paris. F\u00e9licie est partag\u00e9e entre Lo\u00efc, qui l\u2019aime profond\u00e9ment, et Maxence, avec qui elle travaille comme coiffeuse. Mais son v\u00e9ritable amour, Charles, elle l\u2019a perdu quelques ann\u00e9es auparavant &#8211; lorsqu\u2019apr\u00e8s un \u00e9t\u00e9 idyllique, duquel est n\u00e9e une&#46;&#46;&#46;<\/p>\n","protected":false},"author":1,"featured_media":0,"comment_status":"open","ping_status":"open","sticky":false,"template":"","format":"standard","meta":{"inline_featured_image":false,"footnotes":""},"categories":[30,33],"tags":[115,810,1473,1557,2264,2471,2809,3384,3497,4074,6073,7438],"class_list":["post-33060","post","type-post","status-publish","format-standard","hentry","category-comedie","category-drame","tag-115","tag-ava-loraschi","tag-charlotte-very","tag-christiane-desbois","tag-ed2003","tag-eric-rohmer","tag-frederic-van-den-driessche","tag-haydee-caillot","tag-herve-furic","tag-jean-luc-revol","tag-michel-voletti","tag-rosette"],"_links":{"self":[{"href":"https:\/\/joubjoub.fr\/1001films\/wp-json\/wp\/v2\/posts\/33060","targetHints":{"allow":["GET"]}}],"collection":[{"href":"https:\/\/joubjoub.fr\/1001films\/wp-json\/wp\/v2\/posts"}],"about":[{"href":"https:\/\/joubjoub.fr\/1001films\/wp-json\/wp\/v2\/types\/post"}],"author":[{"embeddable":true,"href":"https:\/\/joubjoub.fr\/1001films\/wp-json\/wp\/v2\/users\/1"}],"replies":[{"embeddable":true,"href":"https:\/\/joubjoub.fr\/1001films\/wp-json\/wp\/v2\/comments?post=33060"}],"version-history":[{"count":0,"href":"https:\/\/joubjoub.fr\/1001films\/wp-json\/wp\/v2\/posts\/33060\/revisions"}],"wp:attachment":[{"href":"https:\/\/joubjoub.fr\/1001films\/wp-json\/wp\/v2\/media?parent=33060"}],"wp:term":[{"taxonomy":"category","embeddable":true,"href":"https:\/\/joubjoub.fr\/1001films\/wp-json\/wp\/v2\/categories?post=33060"},{"taxonomy":"post_tag","embeddable":true,"href":"https:\/\/joubjoub.fr\/1001films\/wp-json\/wp\/v2\/tags?post=33060"}],"curies":[{"name":"wp","href":"https:\/\/api.w.org\/{rel}","templated":true}]}}