{"id":36326,"date":"2020-11-29T23:49:59","date_gmt":"2020-11-29T22:49:59","guid":{"rendered":"http:\/\/176.143.180.246\/wordpress\/?p=36326"},"modified":"2020-11-29T23:49:59","modified_gmt":"2020-11-29T22:49:59","slug":"mortelle-adele-11-ca-sent-la-croquette","status":"publish","type":"post","link":"https:\/\/joubjoub.fr\/blog\/?p=36326","title":{"rendered":"Mortelle Ad\u00e8le &#8211; 11 &#8211; \u00c7a sent la croquette"},"content":{"rendered":"\n<div class=\"wp-block-image\">\n<figure class=\"alignright size-large is-resized\"><img decoding=\"async\" class=\"wp-image-82 alignright\" src=\"https:\/\/joubjoub.fr\/wp-content\/uploads\/blog\/BD\/2020\/Mortelle Ad\u00e8le - 11 - \u00c7a sent la croquette.jpg\" alt=\"\" width=\"360\" \/><\/figure>\n<\/div>\n\n\n\n<ul style=\"list-style-type: circle\">\n<li><em><span style=\"font-size: 12pt\"><strong>S\u00e9rie :<\/strong> <span style=\"color: #000080\">Mortelle Ad\u00e8le<\/span><\/span><\/em><\/li>\n<li><em><span style=\"font-size: 12pt\"><strong>Tome : <\/strong><\/span><span style=\"font-size: 12pt\"><span style=\"color: #000080\">#11<\/span><\/span><\/em><\/li>\n<\/ul>\n<ul style=\"list-style-type: square\">\n<li><span style=\"font-size: 12pt\"><strong>Sc\u00e9nario : <\/strong>MR TAN<\/span><\/li>\n<li><span style=\"font-size: 12pt\"><strong>Dessin :<\/strong> LE FEYER Diane<\/span><\/li>\n<\/ul>\n<hr \/>\n\n\n<p>Un nouveau titre dans la s\u00e9rie, qui signe le retour de Owen le zombie. \u00ab J&rsquo;ai enfin r\u00e9ussi une de mes exp\u00e9riences ! J&rsquo;ai cr\u00e9\u00e9 un zombie ! Mais difficile de le faire passer inaper\u00e7u \u00e0 la maison ou \u00e0 l&rsquo;\u00e9cole tellement il sent mauvais et ne pense qu&rsquo;\u00e0 manger tout ce qui bouge ! Je l&rsquo;ai appel\u00e9 Owen et tout le monde croit que c&rsquo;est mon correspondant de Transylvanie&#8230; Chut ! \u00bb Owen le zombie, cr\u00e9ation d&rsquo;Ad\u00e8le un peu encombrante, \u00e9tait dans les tomes pr\u00e9c\u00e9dents devenu une star de boy&rsquo;s band&#8230; Sauf que, ce coup-ci, le revoici \u00e0 la maison. Il va falloir toute l&rsquo;inventivit\u00e9 d&rsquo;Ad\u00e8le pour l&rsquo;installer dans la cabane du jardin, sauver les pauvres pigeons innocents et, si possible, \u00e9viter au zombie de boulotter ses parents&#8230; Vaste programme en perspective ! \u00a0<\/p>\n\n\n\n<table class=\" alignleft\" style=\"height: 72px;width: 100%;border-collapse: collapse;border-style: solid;border-color: #000000;background-color: #fcfafa\">\n<tbody>\n<tr style=\"height: 24px\">\n<td style=\"width: 19.2965%;height: 24px;text-align: left;border-color: #827d7d;border-style: solid;background-color: #fcfcfc\"><strong>Editeur<\/strong><\/td>\n<td style=\"width: 80.603%;height: 24px;text-align: left;border-color: #827d7d;border-style: solid;background-color: #fcfcfc\">Tourbillon<\/td>\n<\/tr>\n<tr style=\"height: 24px\">\n<td style=\"width: 19.2965%;height: 24px;text-align: left;border-color: #827d7d;border-style: solid;background-color: #fcfcfc\"><strong>Parution<\/strong><\/td>\n<td style=\"width: 80.603%;height: 24px;text-align: left;border-color: #827d7d;border-style: solid;background-color: #fcfcfc\">16 novembre 2016<\/td>\n<\/tr>\n<tr style=\"height: 24px\">\n<td style=\"width: 19.2965%;height: 24px;text-align: left;border-color: #827d7d;border-style: solid;background-color: #fcfcfc\"><strong>Nombre de planches<\/strong><\/td>\n<td style=\"width: 80.603%;height: 24px;text-align: left;border-color: #827d7d;border-style: solid;background-color: #fcfcfc\">78<\/td>\n<\/tr>\n<\/tbody>\n<\/table>\n","protected":false},"excerpt":{"rendered":"<p>S\u00e9rie : Mortelle Ad\u00e8le Tome : #11 Sc\u00e9nario : MR TAN Dessin : LE FEYER Diane Un nouveau titre dans la s\u00e9rie, qui signe le retour de Owen le zombie. \u00ab J&rsquo;ai enfin r\u00e9ussi une de mes exp\u00e9riences ! J&rsquo;ai cr\u00e9\u00e9 un zombie ! Mais difficile de le faire passer inaper\u00e7u \u00e0 la maison ou \u00e0 l&rsquo;\u00e9cole tellement il sent mauvais et ne pense qu&rsquo;\u00e0&#46;&#46;&#46;<\/p>\n","protected":false},"author":1,"featured_media":0,"comment_status":"open","ping_status":"closed","sticky":false,"template":"","format":"standard","meta":{"inline_featured_image":false,"footnotes":""},"categories":[30],"tags":[820,985],"class_list":["post-36326","post","type-post","status-publish","format-standard","hentry","category-bd","tag-le-feyer-diane","tag-mr-tan"],"_links":{"self":[{"href":"https:\/\/joubjoub.fr\/blog\/index.php?rest_route=\/wp\/v2\/posts\/36326","targetHints":{"allow":["GET"]}}],"collection":[{"href":"https:\/\/joubjoub.fr\/blog\/index.php?rest_route=\/wp\/v2\/posts"}],"about":[{"href":"https:\/\/joubjoub.fr\/blog\/index.php?rest_route=\/wp\/v2\/types\/post"}],"author":[{"embeddable":true,"href":"https:\/\/joubjoub.fr\/blog\/index.php?rest_route=\/wp\/v2\/users\/1"}],"replies":[{"embeddable":true,"href":"https:\/\/joubjoub.fr\/blog\/index.php?rest_route=%2Fwp%2Fv2%2Fcomments&post=36326"}],"version-history":[{"count":0,"href":"https:\/\/joubjoub.fr\/blog\/index.php?rest_route=\/wp\/v2\/posts\/36326\/revisions"}],"wp:attachment":[{"href":"https:\/\/joubjoub.fr\/blog\/index.php?rest_route=%2Fwp%2Fv2%2Fmedia&parent=36326"}],"wp:term":[{"taxonomy":"category","embeddable":true,"href":"https:\/\/joubjoub.fr\/blog\/index.php?rest_route=%2Fwp%2Fv2%2Fcategories&post=36326"},{"taxonomy":"post_tag","embeddable":true,"href":"https:\/\/joubjoub.fr\/blog\/index.php?rest_route=%2Fwp%2Fv2%2Ftags&post=36326"}],"curies":[{"name":"wp","href":"https:\/\/api.w.org\/{rel}","templated":true}]}}