{"id":37209,"date":"2010-08-03T23:57:38","date_gmt":"2010-08-03T21:57:38","guid":{"rendered":"http:\/\/176.143.180.246\/wordpress\/?p=37209"},"modified":"2010-08-03T23:57:38","modified_gmt":"2010-08-03T21:57:38","slug":"valerian-09-metro-chatelet-direction-cassiopee","status":"publish","type":"post","link":"https:\/\/joubjoub.fr\/blog\/?p=37209","title":{"rendered":"Val\u00e9rian &#8211; 09 &#8211; M\u00e9tro Ch\u00e2telet direction Cassiop\u00e9e"},"content":{"rendered":"\n<div class=\"wp-block-image\">\n<figure class=\"alignright size-large is-resized\"><img decoding=\"async\" class=\"wp-image-82 alignright\" src=\"https:\/\/joubjoub.fr\/wp-content\/uploads\/blog\/BD\/2010\/Val\u00e9rian - 09 - M\u00e9tro Ch\u00e2telet direction Cassiop\u00e9e.jpg\" alt=\"\" width=\"360\" \/><\/figure>\n<\/div>\n\n\n\n<ul style=\"list-style-type: circle\">\n<li><em><span style=\"font-size: 12pt\"><strong>S\u00e9rie :<\/strong> <span style=\"color: #000080\">Val\u00e9rian<\/span><\/span><\/em><\/li>\n<li><em><span style=\"font-size: 12pt\"><strong>Tome : <\/strong><\/span><span style=\"font-size: 12pt\"><span style=\"color: #000080\">#9 \/ 21<\/span><\/span><\/em><\/li>\n<\/ul>\n<ul style=\"list-style-type: square\">\n<li><span style=\"font-size: 12pt\"><strong>Sc\u00e9nario : <\/strong>CHRISTIN Pierre<\/span><\/li>\n<li><span style=\"font-size: 12pt\"><strong>Dessin :<\/strong> M\u00c9ZI\u00c8RES Jean-Claude<\/span><\/li>\n<\/ul>\n<hr \/>\n\n\n<p>En France, au tout d\u00e9but des ann\u00e9es 80, d&rsquo;\u00e9tranges cr\u00e9atures commencent \u00e0 se manifester, que ce soit dans le m\u00e9tro ou encore dans les marais&#8230; Val\u00e9rian est envoy\u00e9 sur place et, aid\u00e9 par l&rsquo;agent local, Albert, il va tenter de mener son enqu\u00eate. Pendant \u00ab ce temps-l\u00e0 \u00bb, Laureline, dans l&rsquo;espace, remonte ses propres pistes pour essayer de r\u00e9soudre aussi la m\u00eame \u00e9nigme. Ils restent en contact gr\u00e2ce \u00e0 une technique mentale \u00e9prouvante qui leur permet de partager leur diff\u00e9rentes trouvailles.<\/p>\n\n\n\n<table class=\" alignleft\" style=\"height: 72px;width: 100%;border-collapse: collapse;border-style: solid;border-color: #000000;background-color: #fcfafa\">\n<tbody>\n<tr style=\"height: 24px\">\n<td style=\"width: 19.2965%;height: 24px;text-align: left;border-color: #827d7d;border-style: solid;background-color: #fcfcfc\"><strong>Editeur<\/strong><\/td>\n<td style=\"width: 80.603%;height: 24px;text-align: left;border-color: #827d7d;border-style: solid;background-color: #fcfcfc\">Dargaud<\/td>\n<\/tr>\n<tr style=\"height: 24px\">\n<td style=\"width: 19.2965%;height: 24px;text-align: left;border-color: #827d7d;border-style: solid;background-color: #fcfcfc\"><strong>Parution<\/strong><\/td>\n<td style=\"width: 80.603%;height: 24px;text-align: left;border-color: #827d7d;border-style: solid;background-color: #fcfcfc\">juillet 1980<\/td>\n<\/tr>\n<tr style=\"height: 24px\">\n<td style=\"width: 19.2965%;height: 24px;text-align: left;border-color: #827d7d;border-style: solid;background-color: #fcfcfc\"><strong>Nombre de planches<\/strong><\/td>\n<td style=\"width: 80.603%;height: 24px;text-align: left;border-color: #827d7d;border-style: solid;background-color: #fcfcfc\">46<\/td>\n<\/tr>\n<\/tbody>\n<\/table>\n","protected":false},"excerpt":{"rendered":"<p>S\u00e9rie : Val\u00e9rian Tome : #9 \/ 21 Sc\u00e9nario : CHRISTIN Pierre Dessin : M\u00c9ZI\u00c8RES Jean-Claude En France, au tout d\u00e9but des ann\u00e9es 80, d&rsquo;\u00e9tranges cr\u00e9atures commencent \u00e0 se manifester, que ce soit dans le m\u00e9tro ou encore dans les marais&#8230; Val\u00e9rian est envoy\u00e9 sur place et, aid\u00e9 par l&rsquo;agent local, Albert, il va tenter de mener son enqu\u00eate. Pendant \u00ab ce temps-l\u00e0 \u00bb, Laureline,&#46;&#46;&#46;<\/p>\n","protected":false},"author":1,"featured_media":0,"comment_status":"open","ping_status":"closed","sticky":false,"template":"","format":"standard","meta":{"inline_featured_image":false,"footnotes":""},"categories":[30],"tags":[297,943],"class_list":["post-37209","post","type-post","status-publish","format-standard","hentry","category-bd","tag-christin-pierre","tag-mezieres-jean-claude"],"_links":{"self":[{"href":"https:\/\/joubjoub.fr\/blog\/index.php?rest_route=\/wp\/v2\/posts\/37209","targetHints":{"allow":["GET"]}}],"collection":[{"href":"https:\/\/joubjoub.fr\/blog\/index.php?rest_route=\/wp\/v2\/posts"}],"about":[{"href":"https:\/\/joubjoub.fr\/blog\/index.php?rest_route=\/wp\/v2\/types\/post"}],"author":[{"embeddable":true,"href":"https:\/\/joubjoub.fr\/blog\/index.php?rest_route=\/wp\/v2\/users\/1"}],"replies":[{"embeddable":true,"href":"https:\/\/joubjoub.fr\/blog\/index.php?rest_route=%2Fwp%2Fv2%2Fcomments&post=37209"}],"version-history":[{"count":0,"href":"https:\/\/joubjoub.fr\/blog\/index.php?rest_route=\/wp\/v2\/posts\/37209\/revisions"}],"wp:attachment":[{"href":"https:\/\/joubjoub.fr\/blog\/index.php?rest_route=%2Fwp%2Fv2%2Fmedia&parent=37209"}],"wp:term":[{"taxonomy":"category","embeddable":true,"href":"https:\/\/joubjoub.fr\/blog\/index.php?rest_route=%2Fwp%2Fv2%2Fcategories&post=37209"},{"taxonomy":"post_tag","embeddable":true,"href":"https:\/\/joubjoub.fr\/blog\/index.php?rest_route=%2Fwp%2Fv2%2Ftags&post=37209"}],"curies":[{"name":"wp","href":"https:\/\/api.w.org\/{rel}","templated":true}]}}