{"id":37595,"date":"2011-05-01T23:55:30","date_gmt":"2011-05-01T21:55:30","guid":{"rendered":"http:\/\/176.143.180.246\/wordpress\/?p=37595"},"modified":"2011-05-01T23:55:30","modified_gmt":"2011-05-01T21:55:30","slug":"valerian-05-les-oiseaux-du-maitre","status":"publish","type":"post","link":"https:\/\/joubjoub.fr\/blog\/?p=37595","title":{"rendered":"Val\u00e9rian &#8211; 05 &#8211; Les oiseaux du ma\u00eetre"},"content":{"rendered":"\n<div class=\"wp-block-image\">\n<figure class=\"alignright size-large is-resized\"><img decoding=\"async\" class=\"wp-image-82 alignright\" src=\"https:\/\/joubjoub.fr\/wp-content\/uploads\/blog\/BD\/2011\/Val\u00e9rian - 05 - Les Oiseaux du ma\u00eetre.jpg\" alt=\"\" width=\"360\" \/><\/figure>\n<\/div>\n\n\n\n<ul style=\"list-style-type: circle\">\n<li><em><span style=\"font-size: 12pt\"><strong>S\u00e9rie :<\/strong> <span style=\"color: #000080\">Val\u00e9rian<\/span><\/span><\/em><\/li>\n<li><em><span style=\"font-size: 12pt\"><strong>Tome : <\/strong><\/span><span style=\"font-size: 12pt\"><span style=\"color: #000080\">#5 \/ 21<\/span><\/span><\/em><\/li>\n<\/ul>\n<ul style=\"list-style-type: square\">\n<li><span style=\"font-size: 12pt\"><strong>Sc\u00e9nario : <\/strong>CHRISTIN Pierre<\/span><\/li>\n<li><span style=\"font-size: 12pt\"><strong>Dessin :<\/strong> M\u00c9ZI\u00c8RES Jean-Claude<\/span><\/li>\n<\/ul>\n<hr \/>\n\n\n<p>L&rsquo;agent spatio-temporel Val\u00e9rian et la jeune Laureline s&rsquo;\u00e9crasent sur une plan\u00e8te inconnue, o\u00f9 ils sont faits prisonniers. Ils d\u00e9couvrent que la population de cette plan\u00e8te est asservie et affam\u00e9e par une entit\u00e9 myst\u00e9rieuse appel\u00e9e \u00ab le Ma\u00eetre \u00bb, qui force habitants et prisonniers \u00e0 travailler jusqu&rsquo;\u00e0 l&rsquo;\u00e9puisement, sous la menace de ses terribles oiseaux, dont la morsure provoque la folie&#8230;<\/p>\n\n\n\n<table class=\" alignleft\" style=\"height: 72px;width: 100%;border-collapse: collapse;border-style: solid;border-color: #000000;background-color: #fcfafa\">\n<tbody>\n<tr style=\"height: 24px\">\n<td style=\"width: 19.2965%;height: 24px;text-align: left;border-color: #827d7d;border-style: solid;background-color: #fcfcfc\"><strong>Editeur<\/strong><\/td>\n<td style=\"width: 80.603%;height: 24px;text-align: left;border-color: #827d7d;border-style: solid;background-color: #fcfcfc\">Dargaud<\/td>\n<\/tr>\n<tr style=\"height: 24px\">\n<td style=\"width: 19.2965%;height: 24px;text-align: left;border-color: #827d7d;border-style: solid;background-color: #fcfcfc\"><strong>Parution<\/strong><\/td>\n<td style=\"width: 80.603%;height: 24px;text-align: left;border-color: #827d7d;border-style: solid;background-color: #fcfcfc\">octobre 1973<\/td>\n<\/tr>\n<tr style=\"height: 24px\">\n<td style=\"width: 19.2965%;height: 24px;text-align: left;border-color: #827d7d;border-style: solid;background-color: #fcfcfc\"><strong>Nombre de planches<\/strong><\/td>\n<td style=\"width: 80.603%;height: 24px;text-align: left;border-color: #827d7d;border-style: solid;background-color: #fcfcfc\">46<\/td>\n<\/tr>\n<\/tbody>\n<\/table>\n","protected":false},"excerpt":{"rendered":"<p>S\u00e9rie : Val\u00e9rian Tome : #5 \/ 21 Sc\u00e9nario : CHRISTIN Pierre Dessin : M\u00c9ZI\u00c8RES Jean-Claude L&rsquo;agent spatio-temporel Val\u00e9rian et la jeune Laureline s&rsquo;\u00e9crasent sur une plan\u00e8te inconnue, o\u00f9 ils sont faits prisonniers. Ils d\u00e9couvrent que la population de cette plan\u00e8te est asservie et affam\u00e9e par une entit\u00e9 myst\u00e9rieuse appel\u00e9e \u00ab le Ma\u00eetre \u00bb, qui force habitants et prisonniers \u00e0 travailler jusqu&rsquo;\u00e0 l&rsquo;\u00e9puisement, sous la&#46;&#46;&#46;<\/p>\n","protected":false},"author":1,"featured_media":0,"comment_status":"open","ping_status":"closed","sticky":false,"template":"","format":"standard","meta":{"inline_featured_image":false,"footnotes":""},"categories":[30],"tags":[297,943],"class_list":["post-37595","post","type-post","status-publish","format-standard","hentry","category-bd","tag-christin-pierre","tag-mezieres-jean-claude"],"_links":{"self":[{"href":"https:\/\/joubjoub.fr\/blog\/index.php?rest_route=\/wp\/v2\/posts\/37595","targetHints":{"allow":["GET"]}}],"collection":[{"href":"https:\/\/joubjoub.fr\/blog\/index.php?rest_route=\/wp\/v2\/posts"}],"about":[{"href":"https:\/\/joubjoub.fr\/blog\/index.php?rest_route=\/wp\/v2\/types\/post"}],"author":[{"embeddable":true,"href":"https:\/\/joubjoub.fr\/blog\/index.php?rest_route=\/wp\/v2\/users\/1"}],"replies":[{"embeddable":true,"href":"https:\/\/joubjoub.fr\/blog\/index.php?rest_route=%2Fwp%2Fv2%2Fcomments&post=37595"}],"version-history":[{"count":0,"href":"https:\/\/joubjoub.fr\/blog\/index.php?rest_route=\/wp\/v2\/posts\/37595\/revisions"}],"wp:attachment":[{"href":"https:\/\/joubjoub.fr\/blog\/index.php?rest_route=%2Fwp%2Fv2%2Fmedia&parent=37595"}],"wp:term":[{"taxonomy":"category","embeddable":true,"href":"https:\/\/joubjoub.fr\/blog\/index.php?rest_route=%2Fwp%2Fv2%2Fcategories&post=37595"},{"taxonomy":"post_tag","embeddable":true,"href":"https:\/\/joubjoub.fr\/blog\/index.php?rest_route=%2Fwp%2Fv2%2Ftags&post=37595"}],"curies":[{"name":"wp","href":"https:\/\/api.w.org\/{rel}","templated":true}]}}